{"id":1476,"date":"2016-07-15T08:10:22","date_gmt":"2016-07-15T07:10:22","guid":{"rendered":"http:\/\/umhtv.umh.es\/?p=1476"},"modified":"2016-07-15T08:10:22","modified_gmt":"2016-07-15T07:10:22","slug":"la-umh-inaugura-un-arbol-tecnologico-y-sostenible","status":"publish","type":"post","link":"https:\/\/umhtv.umh.es\/en\/2016\/07\/15\/la-umh-inaugura-un-arbol-tecnologico-y-sostenible\/","title":{"rendered":"<span lang=\"es\">(Espa\u00f1ol) La UMH inaugura un \u00e1rbol tecnol\u00f3gico y sostenible<\/span>"},"content":{"rendered":"<p class=\"qtranxs-available-languages-message qtranxs-available-languages-message-en\">Sorry, this entry is only available in <a href=\"https:\/\/umhtv.umh.es\/es\/wp-json\/wp\/v2\/posts\/1476\" class=\"qtranxs-available-language-link qtranxs-available-language-link-es\" title=\"Espa\u00f1ol\">European Spanish<\/a>.<\/p>","protected":false},"excerpt":{"rendered":"<p>Sorry, this entry is only available in European Spanish.<\/p>\n","protected":false},"author":3448,"featured_media":0,"comment_status":"closed","ping_status":"open","sticky":false,"template":"","format":"standard","meta":{"_links_to":"","_links_to_target":""},"categories":[10576,633,10574,3486],"tags":[],"_links":{"self":[{"href":"https:\/\/umhtv.umh.es\/en\/wp-json\/wp\/v2\/posts\/1476"}],"collection":[{"href":"https:\/\/umhtv.umh.es\/en\/wp-json\/wp\/v2\/posts"}],"about":[{"href":"https:\/\/umhtv.umh.es\/en\/wp-json\/wp\/v2\/types\/post"}],"author":[{"embeddable":true,"href":"https:\/\/umhtv.umh.es\/en\/wp-json\/wp\/v2\/users\/3448"}],"replies":[{"embeddable":true,"href":"https:\/\/umhtv.umh.es\/en\/wp-json\/wp\/v2\/comments?post=1476"}],"version-history":[{"count":0,"href":"https:\/\/umhtv.umh.es\/en\/wp-json\/wp\/v2\/posts\/1476\/revisions"}],"wp:attachment":[{"href":"https:\/\/umhtv.umh.es\/en\/wp-json\/wp\/v2\/media?parent=1476"}],"wp:term":[{"taxonomy":"category","embeddable":true,"href":"https:\/\/umhtv.umh.es\/en\/wp-json\/wp\/v2\/categories?post=1476"},{"taxonomy":"post_tag","embeddable":true,"href":"https:\/\/umhtv.umh.es\/en\/wp-json\/wp\/v2\/tags?post=1476"}],"curies":[{"name":"wp","href":"https:\/\/api.w.org\/{rel}","templated":true}]}}