{"id":1031,"date":"2015-11-06T10:34:37","date_gmt":"2015-11-06T09:34:37","guid":{"rendered":"http:\/\/umhtv.umh.es\/?p=1031"},"modified":"2015-11-05T15:54:38","modified_gmt":"2015-11-05T14:54:38","slug":"xv-aniversario-catedra-de-neurobiologia-remedios-caro-almela-umh","status":"publish","type":"post","link":"https:\/\/umhtv.umh.es\/en\/2015\/11\/06\/xv-aniversario-catedra-de-neurobiologia-remedios-caro-almela-umh\/","title":{"rendered":"<span lang=\"es\">(Espa\u00f1ol) XV Aniversario C\u00e1tedra de Neurobiolog\u00eda \u201cRemedios Caro Almela\u201d UMH<\/span>"},"content":{"rendered":"<p class=\"qtranxs-available-languages-message qtranxs-available-languages-message-en\">Sorry, this entry is only available in <a href=\"https:\/\/umhtv.umh.es\/es\/wp-json\/wp\/v2\/posts\/1031\" class=\"qtranxs-available-language-link qtranxs-available-language-link-es\" title=\"Espa\u00f1ol\">European Spanish<\/a>.<\/p>","protected":false},"excerpt":{"rendered":"<p>Sorry, this entry is only available in European Spanish.<\/p>\n","protected":false},"author":3226,"featured_media":0,"comment_status":"closed","ping_status":"open","sticky":false,"template":"","format":"standard","meta":{"_links_to":"","_links_to_target":""},"categories":[633],"tags":[],"_links":{"self":[{"href":"https:\/\/umhtv.umh.es\/en\/wp-json\/wp\/v2\/posts\/1031"}],"collection":[{"href":"https:\/\/umhtv.umh.es\/en\/wp-json\/wp\/v2\/posts"}],"about":[{"href":"https:\/\/umhtv.umh.es\/en\/wp-json\/wp\/v2\/types\/post"}],"author":[{"embeddable":true,"href":"https:\/\/umhtv.umh.es\/en\/wp-json\/wp\/v2\/users\/3226"}],"replies":[{"embeddable":true,"href":"https:\/\/umhtv.umh.es\/en\/wp-json\/wp\/v2\/comments?post=1031"}],"version-history":[{"count":0,"href":"https:\/\/umhtv.umh.es\/en\/wp-json\/wp\/v2\/posts\/1031\/revisions"}],"wp:attachment":[{"href":"https:\/\/umhtv.umh.es\/en\/wp-json\/wp\/v2\/media?parent=1031"}],"wp:term":[{"taxonomy":"category","embeddable":true,"href":"https:\/\/umhtv.umh.es\/en\/wp-json\/wp\/v2\/categories?post=1031"},{"taxonomy":"post_tag","embeddable":true,"href":"https:\/\/umhtv.umh.es\/en\/wp-json\/wp\/v2\/tags?post=1031"}],"curies":[{"name":"wp","href":"https:\/\/api.w.org\/{rel}","templated":true}]}}