{"id":998,"date":"2015-10-23T09:02:27","date_gmt":"2015-10-23T08:02:27","guid":{"rendered":"http:\/\/umhtv.umh.es\/?p=998"},"modified":"2015-10-22T11:55:58","modified_gmt":"2015-10-22T10:55:58","slug":"la-umh-inicia-la-campana-de-vacunacion-contra-la-gripe-2","status":"publish","type":"post","link":"https:\/\/umhtv.umh.es\/ca\/2015\/10\/23\/la-umh-inicia-la-campana-de-vacunacion-contra-la-gripe-2\/","title":{"rendered":"<span lang=\"es\">(Espa\u00f1ol) La UMH inicia la campa\u00f1a de vacunaci\u00f3n contra la gripe<\/span>"},"content":{"rendered":"<p class=\"qtranxs-available-languages-message qtranxs-available-languages-message-ca\">Ho sentim, aquesta entrada es troba disponible \u00fanicament en <a href=\"https:\/\/umhtv.umh.es\/es\/wp-json\/wp\/v2\/posts\/998\" class=\"qtranxs-available-language-link qtranxs-available-language-link-es\" title=\"Espa\u00f1ol\">Espanyol Europeu<\/a>.<\/p>","protected":false},"excerpt":{"rendered":"<p>Ho sentim, aquesta entrada es troba disponible \u00fanicament en Espanyol Europeu.<\/p>\n","protected":false},"author":3226,"featured_media":0,"comment_status":"closed","ping_status":"open","sticky":false,"template":"","format":"standard","meta":{"_links_to":"","_links_to_target":""},"categories":[283,228],"tags":[],"_links":{"self":[{"href":"https:\/\/umhtv.umh.es\/ca\/wp-json\/wp\/v2\/posts\/998"}],"collection":[{"href":"https:\/\/umhtv.umh.es\/ca\/wp-json\/wp\/v2\/posts"}],"about":[{"href":"https:\/\/umhtv.umh.es\/ca\/wp-json\/wp\/v2\/types\/post"}],"author":[{"embeddable":true,"href":"https:\/\/umhtv.umh.es\/ca\/wp-json\/wp\/v2\/users\/3226"}],"replies":[{"embeddable":true,"href":"https:\/\/umhtv.umh.es\/ca\/wp-json\/wp\/v2\/comments?post=998"}],"version-history":[{"count":0,"href":"https:\/\/umhtv.umh.es\/ca\/wp-json\/wp\/v2\/posts\/998\/revisions"}],"wp:attachment":[{"href":"https:\/\/umhtv.umh.es\/ca\/wp-json\/wp\/v2\/media?parent=998"}],"wp:term":[{"taxonomy":"category","embeddable":true,"href":"https:\/\/umhtv.umh.es\/ca\/wp-json\/wp\/v2\/categories?post=998"},{"taxonomy":"post_tag","embeddable":true,"href":"https:\/\/umhtv.umh.es\/ca\/wp-json\/wp\/v2\/tags?post=998"}],"curies":[{"name":"wp","href":"https:\/\/api.w.org\/{rel}","templated":true}]}}