{"id":2393,"date":"2017-11-24T08:35:46","date_gmt":"2017-11-24T07:35:46","guid":{"rendered":"http:\/\/umhtv.umh.es\/?p=2393"},"modified":"2017-11-24T08:35:46","modified_gmt":"2017-11-24T07:35:46","slug":"concurso-literario-para-homenajear-a-miguel-hernandez-y-a-azorin","status":"publish","type":"post","link":"https:\/\/umhtv.umh.es\/ca\/2017\/11\/24\/concurso-literario-para-homenajear-a-miguel-hernandez-y-a-azorin\/","title":{"rendered":"<span lang=\"es\">(Espa\u00f1ol) Concurso literario para homenajear a Miguel Hern\u00e1ndez y a Azor\u00edn<\/span>"},"content":{"rendered":"<p class=\"qtranxs-available-languages-message qtranxs-available-languages-message-ca\">Ho sentim, aquesta entrada es troba disponible \u00fanicament en <a href=\"https:\/\/umhtv.umh.es\/es\/wp-json\/wp\/v2\/posts\/2393\" class=\"qtranxs-available-language-link qtranxs-available-language-link-es\" title=\"Espa\u00f1ol\">Espanyol Europeu<\/a>.<\/p>","protected":false},"excerpt":{"rendered":"<p>Ho sentim, aquesta entrada es troba disponible \u00fanicament en Espanyol Europeu.<\/p>\n","protected":false},"author":3448,"featured_media":0,"comment_status":"closed","ping_status":"open","sticky":false,"template":"","format":"standard","meta":{"_links_to":"","_links_to_target":""},"categories":[44855,512],"tags":[],"_links":{"self":[{"href":"https:\/\/umhtv.umh.es\/ca\/wp-json\/wp\/v2\/posts\/2393"}],"collection":[{"href":"https:\/\/umhtv.umh.es\/ca\/wp-json\/wp\/v2\/posts"}],"about":[{"href":"https:\/\/umhtv.umh.es\/ca\/wp-json\/wp\/v2\/types\/post"}],"author":[{"embeddable":true,"href":"https:\/\/umhtv.umh.es\/ca\/wp-json\/wp\/v2\/users\/3448"}],"replies":[{"embeddable":true,"href":"https:\/\/umhtv.umh.es\/ca\/wp-json\/wp\/v2\/comments?post=2393"}],"version-history":[{"count":0,"href":"https:\/\/umhtv.umh.es\/ca\/wp-json\/wp\/v2\/posts\/2393\/revisions"}],"wp:attachment":[{"href":"https:\/\/umhtv.umh.es\/ca\/wp-json\/wp\/v2\/media?parent=2393"}],"wp:term":[{"taxonomy":"category","embeddable":true,"href":"https:\/\/umhtv.umh.es\/ca\/wp-json\/wp\/v2\/categories?post=2393"},{"taxonomy":"post_tag","embeddable":true,"href":"https:\/\/umhtv.umh.es\/ca\/wp-json\/wp\/v2\/tags?post=2393"}],"curies":[{"name":"wp","href":"https:\/\/api.w.org\/{rel}","templated":true}]}}