{"id":1583,"date":"2016-10-21T07:51:06","date_gmt":"2016-10-21T06:51:06","guid":{"rendered":"http:\/\/umhtv.umh.es\/?p=1583"},"modified":"2016-10-21T07:51:06","modified_gmt":"2016-10-21T06:51:06","slug":"el-comico-joaquin-reyes-en-el-campus-de-altea","status":"publish","type":"post","link":"https:\/\/umhtv.umh.es\/ca\/2016\/10\/21\/el-comico-joaquin-reyes-en-el-campus-de-altea\/","title":{"rendered":"<span lang=\"es\">(Espa\u00f1ol) El c\u00f3mico Joaqu\u00edn Reyes en el campus de Altea<\/span>"},"content":{"rendered":"<p class=\"qtranxs-available-languages-message qtranxs-available-languages-message-ca\">Ho sentim, aquesta entrada es troba disponible \u00fanicament en <a href=\"https:\/\/umhtv.umh.es\/es\/wp-json\/wp\/v2\/posts\/1583\" class=\"qtranxs-available-language-link qtranxs-available-language-link-es\" title=\"Espa\u00f1ol\">Espanyol Europeu<\/a>.<\/p>","protected":false},"excerpt":{"rendered":"<p>Ho sentim, aquesta entrada es troba disponible \u00fanicament en Espanyol Europeu.<\/p>\n","protected":false},"author":3448,"featured_media":0,"comment_status":"closed","ping_status":"open","sticky":false,"template":"","format":"standard","meta":{"_links_to":"","_links_to_target":""},"categories":[10579,65,79,10574],"tags":[],"_links":{"self":[{"href":"https:\/\/umhtv.umh.es\/ca\/wp-json\/wp\/v2\/posts\/1583"}],"collection":[{"href":"https:\/\/umhtv.umh.es\/ca\/wp-json\/wp\/v2\/posts"}],"about":[{"href":"https:\/\/umhtv.umh.es\/ca\/wp-json\/wp\/v2\/types\/post"}],"author":[{"embeddable":true,"href":"https:\/\/umhtv.umh.es\/ca\/wp-json\/wp\/v2\/users\/3448"}],"replies":[{"embeddable":true,"href":"https:\/\/umhtv.umh.es\/ca\/wp-json\/wp\/v2\/comments?post=1583"}],"version-history":[{"count":0,"href":"https:\/\/umhtv.umh.es\/ca\/wp-json\/wp\/v2\/posts\/1583\/revisions"}],"wp:attachment":[{"href":"https:\/\/umhtv.umh.es\/ca\/wp-json\/wp\/v2\/media?parent=1583"}],"wp:term":[{"taxonomy":"category","embeddable":true,"href":"https:\/\/umhtv.umh.es\/ca\/wp-json\/wp\/v2\/categories?post=1583"},{"taxonomy":"post_tag","embeddable":true,"href":"https:\/\/umhtv.umh.es\/ca\/wp-json\/wp\/v2\/tags?post=1583"}],"curies":[{"name":"wp","href":"https:\/\/api.w.org\/{rel}","templated":true}]}}