{"id":10700,"date":"2025-10-16T10:57:14","date_gmt":"2025-10-16T08:57:14","guid":{"rendered":"https:\/\/umhtv.umh.es\/?p=10700"},"modified":"2025-10-16T10:57:14","modified_gmt":"2025-10-16T08:57:14","slug":"entrevista-con-rosa-maria-calaf-sole","status":"publish","type":"post","link":"https:\/\/umhtv.umh.es\/ca\/2025\/10\/16\/entrevista-con-rosa-maria-calaf-sole\/","title":{"rendered":"<span lang=\"es\">(Espa\u00f1ol) Entrevista con&#8230; Rosa Mar\u00eda Calaf Sol\u00e9<\/span>"},"content":{"rendered":"<p class=\"qtranxs-available-languages-message qtranxs-available-languages-message-ca\">Ho sentim, aquesta entrada es troba disponible \u00fanicament en <a href=\"https:\/\/umhtv.umh.es\/es\/wp-json\/wp\/v2\/posts\/10700\" class=\"qtranxs-available-language-link qtranxs-available-language-link-es\" title=\"Espa\u00f1ol\">Espanyol Europeu<\/a>.<\/p>","protected":false},"excerpt":{"rendered":"<p>Ho sentim, aquesta entrada es troba disponible \u00fanicament en Espanyol Europeu.<\/p>\n","protected":false},"author":3448,"featured_media":0,"comment_status":"closed","ping_status":"open","sticky":false,"template":"","format":"standard","meta":{"_links_to":"","_links_to_target":""},"categories":[11129],"tags":[],"_links":{"self":[{"href":"https:\/\/umhtv.umh.es\/ca\/wp-json\/wp\/v2\/posts\/10700"}],"collection":[{"href":"https:\/\/umhtv.umh.es\/ca\/wp-json\/wp\/v2\/posts"}],"about":[{"href":"https:\/\/umhtv.umh.es\/ca\/wp-json\/wp\/v2\/types\/post"}],"author":[{"embeddable":true,"href":"https:\/\/umhtv.umh.es\/ca\/wp-json\/wp\/v2\/users\/3448"}],"replies":[{"embeddable":true,"href":"https:\/\/umhtv.umh.es\/ca\/wp-json\/wp\/v2\/comments?post=10700"}],"version-history":[{"count":0,"href":"https:\/\/umhtv.umh.es\/ca\/wp-json\/wp\/v2\/posts\/10700\/revisions"}],"wp:attachment":[{"href":"https:\/\/umhtv.umh.es\/ca\/wp-json\/wp\/v2\/media?parent=10700"}],"wp:term":[{"taxonomy":"category","embeddable":true,"href":"https:\/\/umhtv.umh.es\/ca\/wp-json\/wp\/v2\/categories?post=10700"},{"taxonomy":"post_tag","embeddable":true,"href":"https:\/\/umhtv.umh.es\/ca\/wp-json\/wp\/v2\/tags?post=10700"}],"curies":[{"name":"wp","href":"https:\/\/api.w.org\/{rel}","templated":true}]}}